{"id":193,"date":"2019-03-21T17:38:59","date_gmt":"2019-03-21T16:38:59","guid":{"rendered":"http:\/\/www.lagarde-tennisdetable.fr\/?p=193"},"modified":"2019-04-04T19:25:38","modified_gmt":"2019-04-04T17:25:38","slug":"recompenses-de-loffice-du-sport-de-la-ville-de-la-garde","status":"publish","type":"post","link":"https:\/\/www.lagarde-tennisdetable.fr\/index.php\/2019\/03\/21\/recompenses-de-loffice-du-sport-de-la-ville-de-la-garde\/","title":{"rendered":"R\u00e9compenses de l&rsquo;Office du sport de la ville de la Garde"},"content":{"rendered":"\n<figure class=\"wp-block-image\"><img loading=\"lazy\" decoding=\"async\" width=\"1024\" height=\"607\" src=\"https:\/\/www.lagarde-tennisdetable.fr\/wp-content\/uploads\/2019\/03\/Lggt_LaGarde-1024x607.jpg\" alt=\"\" class=\"wp-image-192\" srcset=\"https:\/\/www.lagarde-tennisdetable.fr\/wp-content\/uploads\/2019\/03\/Lggt_LaGarde-1024x607.jpg 1024w, https:\/\/www.lagarde-tennisdetable.fr\/wp-content\/uploads\/2019\/03\/Lggt_LaGarde-300x178.jpg 300w, https:\/\/www.lagarde-tennisdetable.fr\/wp-content\/uploads\/2019\/03\/Lggt_LaGarde-768x455.jpg 768w, https:\/\/www.lagarde-tennisdetable.fr\/wp-content\/uploads\/2019\/03\/Lggt_LaGarde.jpg 1295w\" sizes=\"auto, (max-width: 1024px) 100vw, 1024px\" \/><figcaption>Les joueurs Gard\u00e9ens r\u00e9compens\u00e9s. (Il manque l&rsquo;\u00e9quipe 1 pour sa mont\u00e9e en Nationale 1)<\/figcaption><\/figure>\n\n\n\n<p>Lors de la soir\u00e9e du 19 mars 2019, l&rsquo;office des Sports de la Ville de la Garde a r\u00e9compens\u00e9 les athl\u00e8tes Gard\u00e9ens m\u00e9ritants.<\/p>\n\n\n\n<p>La Garde Tennis de Table y \u00e9tait repr\u00e9sent\u00e9 pour ses r\u00e9sultats sportifs par plusieurs joueurs, que ce soit pour des performances individuelles ou par \u00e9quipe.<\/p>\n\n\n\n<p><em>L&rsquo;Hebdo <\/em>de La Garde du 8 avril, parmi les athl\u00e8tes \u00ab\u00a0au top\u00a0\u00bb, note pour 2018 la mont\u00e9e en Nationale 1 de l&rsquo;\u00e9quipe 1, avec dans ses rangs Fabio Rakotoarimanana, champion d&rsquo;Europe cadets par \u00e9quipe, et f\u00e9licite \u00e9galement Guillaume Pedrona, champion d&rsquo;Europe universitaire handisport.<\/p>\n\n\n\n<p><\/p>\n","protected":false},"excerpt":{"rendered":"<p>Lors de la soir\u00e9e du 19 mars 2019, l&rsquo;office des Sports de la Ville de la Garde a r\u00e9compens\u00e9 les athl\u00e8tes Gard\u00e9ens m\u00e9ritants. La Garde Tennis de Table y \u00e9tait repr\u00e9sent\u00e9 pour ses r\u00e9sultats sportifs par plusieurs joueurs, que ce soit pour des performances individuelles ou par \u00e9quipe. L&rsquo;Hebdo de [&hellip;]<\/p>\n","protected":false},"author":1,"featured_media":0,"comment_status":"open","ping_status":"open","sticky":false,"template":"","format":"standard","meta":{"_jetpack_memberships_contains_paid_content":false,"footnotes":""},"categories":[4],"tags":[],"class_list":["post-193","post","type-post","status-publish","format-standard","hentry","category-evenements"],"jetpack_featured_media_url":"","jetpack_sharing_enabled":true,"_links":{"self":[{"href":"https:\/\/www.lagarde-tennisdetable.fr\/index.php\/wp-json\/wp\/v2\/posts\/193","targetHints":{"allow":["GET"]}}],"collection":[{"href":"https:\/\/www.lagarde-tennisdetable.fr\/index.php\/wp-json\/wp\/v2\/posts"}],"about":[{"href":"https:\/\/www.lagarde-tennisdetable.fr\/index.php\/wp-json\/wp\/v2\/types\/post"}],"author":[{"embeddable":true,"href":"https:\/\/www.lagarde-tennisdetable.fr\/index.php\/wp-json\/wp\/v2\/users\/1"}],"replies":[{"embeddable":true,"href":"https:\/\/www.lagarde-tennisdetable.fr\/index.php\/wp-json\/wp\/v2\/comments?post=193"}],"version-history":[{"count":4,"href":"https:\/\/www.lagarde-tennisdetable.fr\/index.php\/wp-json\/wp\/v2\/posts\/193\/revisions"}],"predecessor-version":[{"id":207,"href":"https:\/\/www.lagarde-tennisdetable.fr\/index.php\/wp-json\/wp\/v2\/posts\/193\/revisions\/207"}],"wp:attachment":[{"href":"https:\/\/www.lagarde-tennisdetable.fr\/index.php\/wp-json\/wp\/v2\/media?parent=193"}],"wp:term":[{"taxonomy":"category","embeddable":true,"href":"https:\/\/www.lagarde-tennisdetable.fr\/index.php\/wp-json\/wp\/v2\/categories?post=193"},{"taxonomy":"post_tag","embeddable":true,"href":"https:\/\/www.lagarde-tennisdetable.fr\/index.php\/wp-json\/wp\/v2\/tags?post=193"}],"curies":[{"name":"wp","href":"https:\/\/api.w.org\/{rel}","templated":true}]}}