{"id":2318,"date":"2026-08-30T14:42:18","date_gmt":"2026-08-30T12:42:18","guid":{"rendered":"https:\/\/www.lagarde-tennisdetable.fr\/?p=2318"},"modified":"2026-08-30T14:42:19","modified_gmt":"2026-08-30T12:42:19","slug":"reprise-des-entrainements-en-septembre-2","status":"publish","type":"post","link":"https:\/\/www.lagarde-tennisdetable.fr\/index.php\/2026\/08\/30\/reprise-des-entrainements-en-septembre-2\/","title":{"rendered":"Reprise des entra\u00eenements en septembre"},"content":{"rendered":"\n<p class=\"wp-block-paragraph\">Derni\u00e8re s\u00e9ance libre lundi 31 ao\u00fbt 17 h \u00e0 21 h 30 (pr\u00e9sence obligatoire d&rsquo;un adulte dans la salle).<\/p>\n\n\n\n<p class=\"wp-block-paragraph\">Les s\u00e9ances d&rsquo;entra\u00eenement reprennent aux horaires habituels \u00e0 partir du mardi 1er septembre. Vous trouverez les horaires adapt\u00e9s \u00e0 chaque cat\u00e9gorie (jeunes, loisirs, comp\u00e9titeurs, handisport et sport adapt\u00e9\u2026) sur la page d&rsquo;accueil du site, en bas de la page.<\/p>\n\n\n\n<p class=\"wp-block-paragraph\">A noter cette ann\u00e9e le retour de s\u00e9ances d&rsquo;entra\u00eenements pour les jeunes le mercredi.<\/p>\n\n\n\n<p class=\"wp-block-paragraph\">Bonne reprise !<\/p>\n","protected":false},"excerpt":{"rendered":"<p>Derni\u00e8re s\u00e9ance libre lundi 31 ao\u00fbt 17 h \u00e0 21 h 30 (pr\u00e9sence obligatoire d&rsquo;un adulte dans la salle). Les s\u00e9ances d&rsquo;entra\u00eenement reprennent aux horaires habituels \u00e0 partir du mardi 1er septembre. Vous trouverez les horaires adapt\u00e9s \u00e0 chaque cat\u00e9gorie (jeunes, loisirs, comp\u00e9titeurs, handisport et sport adapt\u00e9\u2026) sur la page [&hellip;]<\/p>\n","protected":false},"author":3,"featured_media":0,"comment_status":"closed","ping_status":"open","sticky":false,"template":"","format":"standard","meta":{"_jetpack_newsletter_access":"","_jetpack_dont_email_post_to_subs":false,"_jetpack_newsletter_tier_id":0,"_jetpack_memberships_contains_paywalled_content":false,"_jetpack_feature_clip_id":0,"_jetpack_memberships_contains_paid_content":false,"footnotes":"","jetpack_post_was_ever_published":false},"categories":[25],"tags":[],"class_list":["post-2318","post","type-post","status-publish","format-standard","hentry","category-informations"],"jetpack_sharing_enabled":true,"jetpack_featured_media_url":"","_links":{"self":[{"href":"https:\/\/www.lagarde-tennisdetable.fr\/index.php\/wp-json\/wp\/v2\/posts\/2318","targetHints":{"allow":["GET"]}}],"collection":[{"href":"https:\/\/www.lagarde-tennisdetable.fr\/index.php\/wp-json\/wp\/v2\/posts"}],"about":[{"href":"https:\/\/www.lagarde-tennisdetable.fr\/index.php\/wp-json\/wp\/v2\/types\/post"}],"author":[{"embeddable":true,"href":"https:\/\/www.lagarde-tennisdetable.fr\/index.php\/wp-json\/wp\/v2\/users\/3"}],"replies":[{"embeddable":true,"href":"https:\/\/www.lagarde-tennisdetable.fr\/index.php\/wp-json\/wp\/v2\/comments?post=2318"}],"version-history":[{"count":1,"href":"https:\/\/www.lagarde-tennisdetable.fr\/index.php\/wp-json\/wp\/v2\/posts\/2318\/revisions"}],"predecessor-version":[{"id":2319,"href":"https:\/\/www.lagarde-tennisdetable.fr\/index.php\/wp-json\/wp\/v2\/posts\/2318\/revisions\/2319"}],"wp:attachment":[{"href":"https:\/\/www.lagarde-tennisdetable.fr\/index.php\/wp-json\/wp\/v2\/media?parent=2318"}],"wp:term":[{"taxonomy":"category","embeddable":true,"href":"https:\/\/www.lagarde-tennisdetable.fr\/index.php\/wp-json\/wp\/v2\/categories?post=2318"},{"taxonomy":"post_tag","embeddable":true,"href":"https:\/\/www.lagarde-tennisdetable.fr\/index.php\/wp-json\/wp\/v2\/tags?post=2318"}],"curies":[{"name":"wp","href":"https:\/\/api.w.org\/{rel}","templated":true}]}}