{"id":671,"date":"2020-09-26T10:46:48","date_gmt":"2020-09-26T08:46:48","guid":{"rendered":"http:\/\/www.lagarde-tennisdetable.fr\/?p=671"},"modified":"2020-09-28T22:09:55","modified_gmt":"2020-09-28T20:09:55","slug":"precisions-des-decisions-concernant-les-competitions","status":"publish","type":"post","link":"https:\/\/www.lagarde-tennisdetable.fr\/index.php\/2020\/09\/26\/precisions-des-decisions-concernant-les-competitions\/","title":{"rendered":"Pr\u00e9cisions concernant l&rsquo;activit\u00e9 pongiste"},"content":{"rendered":"\n<figure class=\"wp-block-gallery aligncenter columns-1 is-cropped wp-block-gallery-1 is-layout-flex wp-block-gallery-is-layout-flex\"><ul class=\"blocks-gallery-grid\"><li class=\"blocks-gallery-item\"><figure><img loading=\"lazy\" decoding=\"async\" width=\"600\" height=\"186\" src=\"https:\/\/www.lagarde-tennisdetable.fr\/wp-content\/uploads\/2020\/09\/FFTT.jpg\" alt=\"\" data-id=\"667\" data-full-url=\"https:\/\/www.lagarde-tennisdetable.fr\/wp-content\/uploads\/2020\/09\/FFTT.jpg\" data-link=\"https:\/\/www.lagarde-tennisdetable.fr\/fftt\/\" class=\"wp-image-667\" srcset=\"https:\/\/www.lagarde-tennisdetable.fr\/wp-content\/uploads\/2020\/09\/FFTT.jpg 600w, https:\/\/www.lagarde-tennisdetable.fr\/wp-content\/uploads\/2020\/09\/FFTT-300x93.jpg 300w\" sizes=\"auto, (max-width: 600px) 100vw, 600px\" \/><\/figure><\/li><\/ul><figcaption class=\"blocks-gallery-caption\"><strong>LA PRATIQUE DU TENNIS DE TABLE AUTORISEE PAR LE MINISTERE DES SPORTS<\/strong><br><br>\u00a0<br>En r\u00e9action \u00e0 l\u2019annonce de la fermeture des salles de sport par le Ministre de la Sant\u00e9 pour lutter contre le risque \u00e9pid\u00e9mique de Covid-19, la FFTT s\u2019est conform\u00e9e \u00e0 ces nouvelles mesures sanitaires.<br>\u00a0<br>Dans la continuit\u00e9 de ces annonces, la ministre d\u00e9l\u00e9gu\u00e9e charg\u00e9e des sports, en concertation avec le mouvement sportif, les collectivit\u00e9s territoriales, les syndicats professionnels et les acteurs \u00e9conomiques, a pr\u00e9sent\u00e9 par la suite la d\u00e9clinaison de ces mesures dans le champ sportif.<br>\u00a0<br>Il en ressort que\u00a0<strong>toutes les pratiques sportives<\/strong>, sans distinction, y compris en comp\u00e9tition,\u00a0<strong>demeurent autoris\u00e9es<\/strong>, dans le respect des r\u00e8gles et protocoles sanitaires aujourd\u2019hui en vigueur.<br>\u00a0<br>Ainsi,\u00a0<strong>la FFTT,\u00a0<\/strong>soucieuse de s\u2019aligner sur les directives de son minist\u00e8re de tutelle, sans plus de restriction,\u00a0<strong>autorise la poursuite du championnat de France par \u00e9quipes<\/strong>.<br>Du\u00a0<strong>niveau national \u00e0 l\u2019\u00e9chelon d\u00e9partemental<\/strong>,\u00a0<strong>les rencontres pourront se d\u00e9rouler<\/strong>\u00a0partout o\u00f9 la pratique du tennis de table suivra strictement les r\u00e8gles sanitaires \u00e9nonc\u00e9es dans le protocole 5 de la FFTT et respectera les arr\u00eat\u00e9s pr\u00e9fectoraux ou municipaux.<br>En cas d\u2019impossibilit\u00e9 de disputer la rencontre, les commissions sportives respectives seront attentives \u00e0 toutes demandes de report.<br>\u00a0<br>En ce qui concerne le<strong>\u00a0Crit\u00e9rium f\u00e9d\u00e9ral<\/strong>,\u00a0<strong>l\u2019organisation du tour 1 est confirm\u00e9e<\/strong>. Seul le tour de Nationale 1 fera l\u2019objet d\u2019une r\u00e9flexion plus attentive, celui-ci accueillant des pongistes de tout le territoire, augmentant de fait le risque de propagation du virus. La d\u00e9cision f\u00e9d\u00e9rale sera communiqu\u00e9e dans les tr\u00e8s prochains jours.<br>\u00a0<br>La FFTT ne maitrise pas l&rsquo;\u00e9volution de l\u2019\u00e9pid\u00e9mie, ni les d\u00e9cisions de l\u2019Etat qui peuvent \u00eatre prises, ni les arr\u00eat\u00e9s pr\u00e9fectoraux et les d\u00e9cisions municipales. Elle ne peut que s&rsquo;adapter, parfois dans un laps de temps tr\u00e8s court.<br>\u00a0<br>\u00a0<br>Pour votre information, vous trouverez ci-dessous :<br>&#8211; le\u00a0<a href=\"http:\/\/r.sib.fftt.email\/mk\/cl\/f\/dOqzfH7P_-vMbZ5H1BJqblyTp3ZwVH4Cm29WoDJaLctFB5f14uNnttNX5x3nK_X8hFhhfVrijiPYVSwUdgFd0SGPwGQBRoTN6ghT4G0qpijIznCjeCmVEsZesEEjTKQ_A1ilgtRLM8iPKHx_IQ8eBajj7r1d7szgV5nDwEr7xvgBdrxzYnR36rhRYgs0IjjoBFjfiTEZ31VMgb7VmQ66B8WcKm2FJc8VDrjjvgBJeWOShowBlY9UlFhxJdFZEgmDU7cGj-kpvDj5giuOdHKLJkZKTLEiVf3jyOOzqpgBRXCgXIeFZdSx8kYMr6QrFM8_yJyrsJmOPKaYBV8oqIFbUfE88XeNRoyeH5KGkUheLOcwlU854Mp4QJbS0-fMdEfQ5p3e_3hCWI-7szaNBMYMPwNww5FQwJ8z49RBnBS_ddQp7JpUa5PMOvVznbFAEcmbmWTZVaDiekW3vi1IaYfATsMAarudyFGn8tk\">communiqu\u00e9 de presse de la ministre<\/a>,<br>&#8211; la\u00a0<a href=\"http:\/\/r.sib.fftt.email\/mk\/cl\/f\/mrh7EFMWyBME7gcpWrfB0LG7ZF1N8-z30fh_Wt7ibMn_8ABdlXD6ma9Mx0FLnC0begJPfBwvt2xmugnp34m74EwkQobW_WxBIeFRUOe_S1sO2PXXHhEs6wGFtZWasvLCwCDxOzghCTqiHRkwL3ElE_imKVTcHNCeGBjSBVXW2oY3KIP2duATFhKzHLDyRVAotA9TiquUhDNfnp1UgcHoA-_Yf12wB0JHLnXKBBCbmSXgQ_amn7-Gyem5hvKBXqS0y298rRWGjq_B1PjjkItw6iDbIxzuAxlyZhk2KaOm5Rg9-LONdLhOgNfjwzV4sG4HqXuD80XqdQpkeLhpoGvbwe_O8kExBipB03qTISD6DWOTtfTzsxBZ2v22y8Uu5_loURZkGPmijjJJTM5DlED_lCM5Q2X5FmXGrxvadtkHC8pRLAx5j7weg3lg3iwu9zDzi8M5q3CJyeuvH7tERnnaiq_57i4nGtcylMnIaiJMNc2wCbxdBhNfikZ9_6n7z0vDiJjDFkA\">carte nationale des diff\u00e9rents niveaux d\u2019alerte #COVID-19,<\/a><br>&#8211;\u00a0<a href=\"http:\/\/r.sib.fftt.email\/mk\/cl\/f\/5FX3YmfLKhrb7WT_-GNEQgY-JER0yMrdSb-ymPo_prtDJQ4y5OFeotfl8sa59oS5qVrq054FnZQUcrvcenB7FQR9kz-TvQKt1MtRjuW0SrKjrUMehEpCEnYgRap9r1rygl2VCGGlkoHup_38SirlXOo3rN7PcHCNAIUQbEffPx6YIg4XkfsczIAUkWKRFLe1BaD_a8-mbXIL_FmVIJN3d-DWT19GMc4xqHfpUJQMNUT296Yzz5LAOqSPykaKbYPeHpOArIygrJml80Miv31njlVMQI-BV-iwz5ctjzNXcyqd1xAppCXRBgMPbd0nfgXqd-WBPFQ-LT9nlsWDs7cOyDIU5snSAjMj5kRX4AcG9jY67OclCT66ibhe0iGwL5PCCXsnNhVGKYLSsVTvKjBcdEC94wdaZJ6ObsSOT_h-z2uOWmD9l2-pBqIKwzftP5bXMtCKvQ\">le tableau r\u00e9capitulant les mesures<\/a>\u00a0qui auront vocation \u00e0 s\u2019appliquer dans les diff\u00e9rents territoires en fonction du niveau d\u2019alerte qui les concernera.<br>\u00a0<br>\u00a0<br><br>La F\u00e9d\u00e9ration Fran\u00e7aise de Tennis de Table<br>\u00a0<br>\u00a0<br>\u00a0<\/figcaption><\/figure>\n","protected":false},"excerpt":{"rendered":"","protected":false},"author":1,"featured_media":667,"comment_status":"open","ping_status":"open","sticky":false,"template":"","format":"standard","meta":{"_jetpack_memberships_contains_paid_content":false,"footnotes":""},"categories":[4,25],"tags":[],"class_list":["post-671","post","type-post","status-publish","format-standard","has-post-thumbnail","hentry","category-evenements","category-informations"],"jetpack_featured_media_url":"https:\/\/www.lagarde-tennisdetable.fr\/wp-content\/uploads\/2020\/09\/FFTT.jpg","jetpack_sharing_enabled":true,"_links":{"self":[{"href":"https:\/\/www.lagarde-tennisdetable.fr\/index.php\/wp-json\/wp\/v2\/posts\/671","targetHints":{"allow":["GET"]}}],"collection":[{"href":"https:\/\/www.lagarde-tennisdetable.fr\/index.php\/wp-json\/wp\/v2\/posts"}],"about":[{"href":"https:\/\/www.lagarde-tennisdetable.fr\/index.php\/wp-json\/wp\/v2\/types\/post"}],"author":[{"embeddable":true,"href":"https:\/\/www.lagarde-tennisdetable.fr\/index.php\/wp-json\/wp\/v2\/users\/1"}],"replies":[{"embeddable":true,"href":"https:\/\/www.lagarde-tennisdetable.fr\/index.php\/wp-json\/wp\/v2\/comments?post=671"}],"version-history":[{"count":5,"href":"https:\/\/www.lagarde-tennisdetable.fr\/index.php\/wp-json\/wp\/v2\/posts\/671\/revisions"}],"predecessor-version":[{"id":677,"href":"https:\/\/www.lagarde-tennisdetable.fr\/index.php\/wp-json\/wp\/v2\/posts\/671\/revisions\/677"}],"wp:featuredmedia":[{"embeddable":true,"href":"https:\/\/www.lagarde-tennisdetable.fr\/index.php\/wp-json\/wp\/v2\/media\/667"}],"wp:attachment":[{"href":"https:\/\/www.lagarde-tennisdetable.fr\/index.php\/wp-json\/wp\/v2\/media?parent=671"}],"wp:term":[{"taxonomy":"category","embeddable":true,"href":"https:\/\/www.lagarde-tennisdetable.fr\/index.php\/wp-json\/wp\/v2\/categories?post=671"},{"taxonomy":"post_tag","embeddable":true,"href":"https:\/\/www.lagarde-tennisdetable.fr\/index.php\/wp-json\/wp\/v2\/tags?post=671"}],"curies":[{"name":"wp","href":"https:\/\/api.w.org\/{rel}","templated":true}]}}